{"id":439,"date":"2025-03-07T14:22:13","date_gmt":"2025-03-07T13:22:13","guid":{"rendered":"https:\/\/qui-quiriqui.aprene.org\/?p=439"},"modified":"2025-11-25T01:53:37","modified_gmt":"2025-11-25T00:53:37","slug":"camins-de-lengas-camins-de-vidas","status":"publish","type":"post","link":"https:\/\/qui-quiriqui.aprene.org\/?p=439","title":{"rendered":"Camins de lengas, camins de vidas"},"content":{"rendered":"\n<p><em>Pendent los estagis, rencontram mai qu\u2019una classa, sa regenta e sos biaisses. Av\u00e8m encontrat Avin e Fatima a la Calandreta d\u2019Albi. Totas doas an la cinquantena. Son totas doas curdas, l&rsquo;una d\u2019Iraq l&rsquo;autra de Siria. Trabalhan a l\u2019esc\u00f2la coma ajudas en classa e sul temps peri-escolar e lor origina comuna nos interp\u00e8la e fa resson a <a href=\"https:\/\/qui-quiriqui.aprene.org\/?p=246\" target=\"_blank\" rel=\"noreferrer noopener\">l\u2019article <\/a>de n\u00f2stre camarada Mati\u00e0s Buzy. Coss\u00ed son arribadas aqu\u00ed ? De qu\u00e9 es lor viscut cap a la lenga curda ? E la pla\u00e7a d\u2019aquesta lenga dins lors pa\u00edsses ? Al\u00e8ra lor av\u00e8m demandat, e vos prepausam aqu\u00ed de descobrir la primi\u00e8ra partida de l\u2019entreten qu\u2019acceptan de partejar.<\/em><\/p>\n\n\n\n<p>Lo dimars 11 de febri\u00e8r de 2025 &#8211; Calandreta d&rsquo;Albi<\/p>\n\n\n\n<p><strong>Coss\u00ed \u00e8ra l\u2019esc\u00f2la per vautras ? Quina lenga se i parlava ? E a l\u2019ostal ?<\/strong><\/p>\n\n\n\n<p>&#8211; Avin&nbsp;: C&rsquo;\u00e9tait la langue arabe parce qu&rsquo;on \u00e9tait dans un pays arabe. On n&rsquo;a pas le droit d&rsquo;ouvrir une \u00e9cole kurde, mais on a juste le droit d&rsquo;avoir un livre kurde simple. A la maison, c&rsquo;\u00e9tait la langue maternelle, kurde. Mais que \u00e0 la maison.<\/p>\n\n\n\n<p>-Fatima&nbsp;: A l&rsquo;\u00e9cole, ce n&rsquo;\u00e9tait que la langue arabe, et \u00e0 la maison le kurde. Chez nous c&rsquo;\u00e9tait la m\u00eame chose.<\/p>\n\n\n\n<p>-Avin&nbsp;:Tous les cours \u00e9taient en arabe, maths, sciences, g\u00e9ographie, histoire etc &#8230; on nous parlait en arabe et il fallait r\u00e9pondre en arabe.<\/p>\n\n\n\n<p><strong>E dins aquel libre en curd ?<\/strong><\/p>\n\n\n\n<p>-Avin&nbsp;: Il y avait l&rsquo;alphabet kurde, pour \u00e9crire et lire.<\/p>\n\n\n\n<p>-Fatima&nbsp;: Comme le CP. Mais chez nous il n&rsquo;y avait pas ce livre en Syrie. Je ne connais pas l&rsquo;alphabet kurde, je ne sais pas l&rsquo;\u00e9crire malheureusement.<\/p>\n\n\n\n<p>-Avin&nbsp;: Les Kurdes irakiens, ils ont \u00e7a, mais les Kurdes de Turquie, de Syrie, non, il n&rsquo;ont m\u00eame pas le droit de parler le kurde.<\/p>\n\n\n\n<p>-Fatima&nbsp;: Donc on a appris la langue arabe pendant la p\u00e9riode scolaire, et quand on \u00e9tait \u00e0 l&rsquo;universit\u00e9, \u00e0 l&rsquo;Institut de formation des ma\u00eetres, le gouvernement a d\u00e9cid\u00e9 que ceux qui parlaient kurde n&rsquo;avaient pas le droit de rentrer dans cet institut. Il faut parler arabe. Beaucoup ont d\u00fb partir parce qu&rsquo;ils parlaient kurde entre eux. Par exemple, \u00ab\u00a0Fatima tu parles kurde, d\u00e9gage, d\u00e9gage.\u00a0\u00bb<\/p>\n\n\n\n<p>-Avin&nbsp;: Chez nous c&rsquo;\u00e9tait pas comme \u00e7a, on parlait entre nous.<\/p>\n\n\n\n<p>-Fatima&nbsp;: Chez nous, c&rsquo;est plus dur. Mais on a des amis, des coll\u00e8gues arabes qui sont gentils, on discute, on est comme une famille, mais c&rsquo;est le gouvernement. C&rsquo;est pas les gens, c&rsquo;est pas le peuple, c&rsquo;est \u00e0 cause d&rsquo;eux, c&rsquo;est le gouvernement. J&rsquo;ai encore une amie, on est en contact sur whatsapp, elle habite \u00e0 Alep, on est comme des s\u0153urs. C&rsquo;est pas \u00ab\u00a0ah, parce que toi tu es Arabe, je te parle pas\u00a0\u00bb. Il y a des Arabes qui ont bon caract\u00e8re, et des Kurdes qui ont mauvais caract\u00e8re par exemple.<\/p>\n\n\n\n<p><strong>&#8211; Al\u00e8ra vosautras, av\u00e8tz pusl\u00e8u d\u2019experi\u00e9ncias bonas amb la comunautat qu\u2019es pas curda del pa\u00eds ?<\/strong><\/p>\n\n\n\n<p>&#8211; Fatima&nbsp;: Oui, oui oui oui personnellement oui.<\/p>\n\n\n\n<p>&#8211; Avin&nbsp;: Juste, les gens qui travaillent avec le gouvernement, c&rsquo;est pas la police, mais les services secrets, d\u00e9noncent les gens, des hommes, des femmes, qui n&rsquo;ont rien fait. Juste, tu as dit quelque chose sur le pr\u00e9sident &#8211; \u00ab\u00a0Il a fait \u00e7a qui n&rsquo;\u00e9tait pas bien, il n&rsquo;est pas juste\u00a0\u00bb &#8211; et ils te d\u00e9noncent, tu vas en prison. Il y en a qui meurent, qui sont tortur\u00e9s, il y en a qui restent l\u00e0-bas toute la vie, qui restent des ann\u00e9es et qui sortent &#8230; chacun a sa chance, c&rsquo;est comme \u00e7a, tu sais pas. C&rsquo;est pour \u00e7a que tous les gens vivaient dans la peur. On ne peut pas parler de \u00e7a, m\u00eame les filles, ils ont viol\u00e9 les filles. En 1990, quand les peshmerga* sont descendus au Kurdistan apr\u00e8s la guerre du Kowe\u00eft, tous les responsables irakiens se sont \u00e9chapp\u00e9s. Et beaucoup de femmes qui \u00e9taient en prison \u00e0 cette \u00e9poque ont des enfants et ne savent pas qui est le p\u00e8re. C&rsquo;\u00e9tait comme \u00e7a.<\/p>\n\n\n\n<p><strong>La repression contra los Curdes \u00e8ra importanta quitament foguesse autorizat parlar la lenga a l\u2019esc\u00f2la ?<\/strong><\/p>\n\n\n\n<p>&#8211; Oui oui, m\u00eame on n&rsquo;avait pas le droit de manifester non plus.<\/p>\n\n\n\n<p><strong>&#8211; E, los Curdes en Siria o en Iraq capitan de faire viure lor cultura \u00e7a que lai ?<\/strong><\/p>\n\n\n\n<p>&#8211; Oui il y en a oui, des chanteuses et chanteurs qu&rsquo;on entend pendant les soir\u00e9es de mariage, d&rsquo;anniversaire. Maintenant ils sont partout en Europe.<\/p>\n\n\n\n<p><strong>&#8211; En arribar a Albi, vos s\u00e8tz avisadas que se parlavan mai d\u2019una lenga, entre elas l\u2019occitan ?<\/strong><\/p>\n\n\n\n<p>-Avin&nbsp;: Moi je savais pas qu&rsquo;il existait d&rsquo;autres langues parl\u00e9es.<\/p>\n\n\n\n<p>-Fatima&nbsp;: Moi j&rsquo;ai entendu parler la langue occitane dans cette \u00e9cole, mais je ne l&rsquo;avais pas entendue avant. J&rsquo;\u00e9tais inqui\u00e8te de ne pas parler la langue, de ne pas la comprendre mais ici, toute l&rsquo;\u00e9quipe de cette \u00e9cole est accueillante, c&rsquo;est comme une famille.<\/p>\n\n\n\n<p><strong>&#8211; Nos podri\u00e0tz parlar dels ponches comuns e de las difer\u00e9ncias de l\u2019esc\u00f2la chas vautras e aqu\u00ed ?<\/strong><\/p>\n\n\n\n<p>-Fatima&nbsp;: Ahhh c&rsquo;est tr\u00e8s tr\u00e8s diff\u00e9rent. Parfois, je pleure toute seule. Je me dis \u00ab\u00a0Les enfants, ils n&rsquo;ont rien fait, et ils n&rsquo;ont rien.\u00a0\u00bb (<em>elle pleure de rage)<\/em> Ils sont 40, 45 par classe. Il faut faire les programmes rapidement, tant pis s&rsquo;ils ne comprennent pas. Ils n&rsquo;ont rien, rien, et malgr\u00e9 tout \u00e7a, ils sont gentils, respectueux, travaillent bien. J&rsquo;ai commenc\u00e9 (<em>\u00e0 enseigner<\/em>) en CP et jusqu&rsquo;au coll\u00e8ge. Mes \u00e9l\u00e8ves sont maintenant docteurs, professeurs, en Allemagne, en Suisse &#8230; Franchement c&rsquo;est tr\u00e8s diff\u00e9rent. 500 \u00e9l\u00e8ves pour 4 enseignants. C&rsquo;est normal \u00e7a ? La poubelle, il y en avait une, c&rsquo;\u00e9tait \u00e0 moi de l&rsquo;acheter. Les toilettes&#8230; tr\u00e8s tr\u00e8s dur. Quand je regarde ici, il y a la cuisine, la salle de sieste, des jouets&#8230; Chez nous il n&rsquo;y a rien. Mon fr\u00e8re est d\u00e9c\u00e9d\u00e9 en janvier 2024. Il a deux gar\u00e7ons de 9 ans et 10 ans. Ils me disent \u00ab\u00a0Tatie, quand on viendra en France, est-ce qu&rsquo;il y aura des jouets ? Et l&rsquo;\u00e9cole sera la m\u00eame que la n\u00f4tre? On a entendu dire que les \u00e9coles de France sont bien mieux que les n\u00f4tres !\u00a0\u00bb Ils sont intelligents. Je leur ai dit&nbsp;: \u00ab\u00a0Oui, ne vous inqui\u00e9tez pas, quand vous viendrez, nous pourrons jouer, acheter beaucoup de choses, profiter !&nbsp;\u00a0\u00bb C&rsquo;est dur.<\/p>\n\n\n\n<p><strong>-Aviam una darri\u00e8ra question a prepaus de la transmission. Tu, Avin, parlas curd amb tos enfants ?<\/strong><\/p>\n\n\n\n<p>-Avin: Oui \u00e0 la maison, nous parlons uniquement kurde. Les trois parlent kurde couramment.<\/p>\n\n\n\n<p>&#8211;<strong>Son totjorn estats biling\u00fces curd\/franc\u00e9s ?<\/strong><\/p>\n\n\n\n<p>-Avin: Oui, c&rsquo;est tr\u00e8s important. Parfois, nous retournons au Kurdistan pour voir la famille. Comment pourraient-ils parler avec la famille sinon ? L\u00e0-bas personne ne parle fran\u00e7ais. Il faut parler kurde, c&rsquo;est tr\u00e8s important.<\/p>\n\n\n\n<p>-Fatima: Malheureusement, les enfants de ma s\u0153ur qui sont n\u00e9s ici, comprennent tr\u00e8s bien le kurde mais ne r\u00e9pondent qu&rsquo;en fran\u00e7ais. Ils disent qu&rsquo;ils n&rsquo;ont pas besoin du kurde. Je leur dis que si pour aller voir la famille install\u00e9e en Allemagne. Ils me r\u00e9pondent que comme ils sont capables de tout comprendre, le moment venu, ils pourront aussi parler.<\/p>\n\n\n\n<p><strong>-Coma aqu\u00ed en mairala, los calandrons parlan en franc\u00e9s mas pauc a cha pauc comprenon tot en occitan.<\/strong><\/p>\n\n\n\n<p>-Fatima: C&rsquo;est aussi le travail des parents. Il faut parler kurde \u00e0 la maison. C&rsquo;est de leur faute aussi, quand ils r\u00e9pondent en fran\u00e7ais. Bon parfois \u00e7a peut nous aider, nous, \u00e0 mieux parler fran\u00e7ais!<\/p>\n\n\n\n<p>-Avin: Oui, parfois chez moi c&rsquo;est le contraire c&rsquo;est moi qui leur demande de parler fran\u00e7ais, mais ils ne veulent pas <a href=\"https:\/\/www.eastgonflable.fr\/e105-parcours-obstacle-gonflable.html\/e105034-structure-gonflable-adulte.html\">jeu gonflable adulte<\/a>.<\/p>\n\n\n\n<p><strong>-E entre vautras, quina lenga parlatz ?<\/strong><\/p>\n\n\n\n<p><em>Les deux \u00e9clatent de rire&#8230;<\/em><\/p>\n\n\n\n<p>-Fran\u00e7ais !<\/p>\n\n\n\n<p>-Avin: Parce que je ne comprends pas son kurde et elle ne comprend pas le mien!<\/p>\n\n\n\n<p>*<a href=\"https:\/\/www.monde-diplomatique.fr\/mav\/169\/A\/61254\">https:\/\/www.monde-diplomatique.fr\/mav\/169\/A\/61254<\/a><\/p>\n\n\n\n<p><em>La seguida dins un article que ven &#8230;<\/em><\/p>\n\n\n\n<p class=\"has-text-align-right\">Na\u00efg BONDON, Delfina BRUEL e la c\u00f2la<\/p>\n\n\n\n<div style=\"height:27px\" aria-hidden=\"true\" class=\"wp-block-spacer\"><\/div>\n\n\n\n<figure class=\"wp-block-image size-large\"><img loading=\"lazy\" decoding=\"async\" width=\"1024\" height=\"636\" src=\"https:\/\/qui-quiriqui.aprene.org\/wp-content\/uploads\/2025\/03\/spas-camins-de-lengas-1024x636.jpg\" alt=\"\" class=\"wp-image-437\" srcset=\"https:\/\/qui-quiriqui.aprene.org\/wp-content\/uploads\/2025\/03\/spas-camins-de-lengas-1024x636.jpg 1024w, https:\/\/qui-quiriqui.aprene.org\/wp-content\/uploads\/2025\/03\/spas-camins-de-lengas-300x186.jpg 300w, https:\/\/qui-quiriqui.aprene.org\/wp-content\/uploads\/2025\/03\/spas-camins-de-lengas-768x477.jpg 768w, https:\/\/qui-quiriqui.aprene.org\/wp-content\/uploads\/2025\/03\/spas-camins-de-lengas.jpg 1275w\" sizes=\"auto, (max-width: 1024px) 100vw, 1024px\" \/><\/figure>\n","protected":false},"excerpt":{"rendered":"<p>Pendent los estagis, rencontram mai qu\u2019una classa, sa regenta e sos biaisses. Av\u00e8m encontrat Avin e Fatima a la Calandreta d\u2019Albi. Totas doas an la cinquantena. Son totas doas curdas, l&rsquo;una d\u2019Iraq l&rsquo;autra de Siria. Trabalhan a l\u2019esc\u00f2la coma ajudas en classa e sul temps peri-escolar e lor origina comuna nos interp\u00e8la e fa resson [&hellip;]<\/p>\n","protected":false},"author":7,"featured_media":438,"comment_status":"open","ping_status":"open","sticky":false,"template":"","format":"standard","meta":{"footnotes":""},"categories":[1],"tags":[],"class_list":["post-439","post","type-post","status-publish","format-standard","has-post-thumbnail","hentry","category-non-classe"],"_links":{"self":[{"href":"https:\/\/qui-quiriqui.aprene.org\/index.php?rest_route=\/wp\/v2\/posts\/439","targetHints":{"allow":["GET"]}}],"collection":[{"href":"https:\/\/qui-quiriqui.aprene.org\/index.php?rest_route=\/wp\/v2\/posts"}],"about":[{"href":"https:\/\/qui-quiriqui.aprene.org\/index.php?rest_route=\/wp\/v2\/types\/post"}],"author":[{"embeddable":true,"href":"https:\/\/qui-quiriqui.aprene.org\/index.php?rest_route=\/wp\/v2\/users\/7"}],"replies":[{"embeddable":true,"href":"https:\/\/qui-quiriqui.aprene.org\/index.php?rest_route=%2Fwp%2Fv2%2Fcomments&post=439"}],"version-history":[{"count":5,"href":"https:\/\/qui-quiriqui.aprene.org\/index.php?rest_route=\/wp\/v2\/posts\/439\/revisions"}],"predecessor-version":[{"id":650,"href":"https:\/\/qui-quiriqui.aprene.org\/index.php?rest_route=\/wp\/v2\/posts\/439\/revisions\/650"}],"wp:featuredmedia":[{"embeddable":true,"href":"https:\/\/qui-quiriqui.aprene.org\/index.php?rest_route=\/wp\/v2\/media\/438"}],"wp:attachment":[{"href":"https:\/\/qui-quiriqui.aprene.org\/index.php?rest_route=%2Fwp%2Fv2%2Fmedia&parent=439"}],"wp:term":[{"taxonomy":"category","embeddable":true,"href":"https:\/\/qui-quiriqui.aprene.org\/index.php?rest_route=%2Fwp%2Fv2%2Fcategories&post=439"},{"taxonomy":"post_tag","embeddable":true,"href":"https:\/\/qui-quiriqui.aprene.org\/index.php?rest_route=%2Fwp%2Fv2%2Ftags&post=439"}],"curies":[{"name":"wp","href":"https:\/\/api.w.org\/{rel}","templated":true}]}}